{"id":2706,"date":"2018-09-12T13:19:39","date_gmt":"2018-09-12T11:19:39","guid":{"rendered":"https:\/\/www.environnement48.fr\/?p=2706"},"modified":"2025-10-21T17:12:39","modified_gmt":"2025-10-21T15:12:39","slug":"environnement-massif-central-se-lance-dans-lextrusion","status":"publish","type":"post","link":"https:\/\/www.environnement48.fr\/en\/environnement-massif-central-se-lance-dans-lextrusion\/","title":{"rendered":"Environnement Massif Central launches into extrusion"},"content":{"rendered":"<p>Parution presse du 12 septembre 2018 (r\u00e9serv\u00e9 aux abonn\u00e9s). L&rsquo;\u00e9cho circulaire.<\/p>\n<p>Une vitrine technologique et \u00e9conomique pour le recyclage des d\u00e9chets en Loz\u00e8re.<\/p>\n<p><a href=\"https:\/\/environnement48.fr\/wp-content\/uploads\/2018\/09\/LEcho-circulaire-Environnement-Massif-Central.pdf\" target=\"_blank\" rel=\"noopener\">Voir l&rsquo;article<\/a>\u00a0(PDF)<\/p>\n\n\n<div style=\"max-width:900px; margin:0 auto; text-align:center;\">\n  <iframe \n    src=\"https:\/\/environnement48.fr\/wp-content\/uploads\/2018\/09\/LEcho-circulaire-Environnement-Massif-Central.pdf#zoom=100\" \n    width=\"100%\" \n    height=\"900px\" \n    style=\"border:none;\">\n  <\/iframe>\n<\/div>","protected":false},"excerpt":{"rendered":"<p>Press release of 12 September 2018 (reserved for subscribers). L'\u00e9cho circulaire. A technological and economic showcase for waste recycling in Loz\u00e8re. See the article (PDF)<\/p>","protected":false},"author":2,"featured_media":0,"comment_status":"open","ping_status":"open","sticky":false,"template":"","format":"standard","meta":{"_seopress_robots_primary_cat":"none","_seopress_titles_title":"","_seopress_titles_desc":"","_seopress_robots_index":"","footnotes":""},"categories":[2,10],"tags":[],"class_list":["post-2706","post","type-post","status-publish","format-standard","hentry","category-actualites","category-presse"],"_links":{"self":[{"href":"https:\/\/www.environnement48.fr\/en\/wp-json\/wp\/v2\/posts\/2706","targetHints":{"allow":["GET"]}}],"collection":[{"href":"https:\/\/www.environnement48.fr\/en\/wp-json\/wp\/v2\/posts"}],"about":[{"href":"https:\/\/www.environnement48.fr\/en\/wp-json\/wp\/v2\/types\/post"}],"author":[{"embeddable":true,"href":"https:\/\/www.environnement48.fr\/en\/wp-json\/wp\/v2\/users\/2"}],"replies":[{"embeddable":true,"href":"https:\/\/www.environnement48.fr\/en\/wp-json\/wp\/v2\/comments?post=2706"}],"version-history":[{"count":3,"href":"https:\/\/www.environnement48.fr\/en\/wp-json\/wp\/v2\/posts\/2706\/revisions"}],"predecessor-version":[{"id":3603,"href":"https:\/\/www.environnement48.fr\/en\/wp-json\/wp\/v2\/posts\/2706\/revisions\/3603"}],"wp:attachment":[{"href":"https:\/\/www.environnement48.fr\/en\/wp-json\/wp\/v2\/media?parent=2706"}],"wp:term":[{"taxonomy":"category","embeddable":true,"href":"https:\/\/www.environnement48.fr\/en\/wp-json\/wp\/v2\/categories?post=2706"},{"taxonomy":"post_tag","embeddable":true,"href":"https:\/\/www.environnement48.fr\/en\/wp-json\/wp\/v2\/tags?post=2706"}],"curies":[{"name":"wp","href":"https:\/\/api.w.org\/{rel}","templated":true}]}}